{"id":12666,"date":"2022-12-19T11:30:49","date_gmt":"2022-12-19T10:30:49","guid":{"rendered":"https:\/\/www.conect.org.tn\/?post_type=communiquesdepress&#038;p=12666"},"modified":"2022-12-19T11:30:49","modified_gmt":"2022-12-19T10:30:49","slug":"le-syndicat-patronal-conect-abrite-la-conference-annuelle-et-lassemblee-generale-du-reseau-anima-investment-network-plateforme-au-service-de-la-cooperation-economique-entre-leurope","status":"publish","type":"communiquesdepress","link":"https:\/\/www.conect.org.tn\/ar\/Communiques de press\/le-syndicat-patronal-conect-abrite-la-conference-annuelle-et-lassemblee-generale-du-reseau-anima-investment-network-plateforme-au-service-de-la-cooperation-economique-entre-leurope\/","title":{"rendered":"LE SYNDICAT PATRONAL-CONECT ABRITE LA CONF\u00c9RENCE ANNUELLE ET L\u2019ASSEMBL\u00c9E G\u00c9N\u00c9RALE DU R\u00c9SEAU ANIMA INVESTMENT NETWORK, PLATEFORME AU SERVICE DE LA COOP\u00c9RATION \u00c9CONOMIQUE ENTRE L\u2019EUROPE, LE MOYEN-ORIENT ET L\u2019AFRIQUE"},"content":{"rendered":"<p><a href=\"https:\/\/www.conect.org.tn\/wp-content\/uploads\/2022\/12\/CONECT-ANIMA.pdf\" target=\"_blank\" rel=\"noopener\"><strong>T\u00e9l\u00e9charger le PDF<\/strong><\/a><\/p>\n","protected":false},"featured_media":12670,"template":"","yoast_head":"<!-- This site is optimized with the Yoast SEO plugin v19.6 - https:\/\/yoast.com\/wordpress\/plugins\/seo\/ -->\n<title>LE SYNDICAT PATRONAL-CONECT ABRITE LA CONF\u00c9RENCE ANNUELLE ET L\u2019ASSEMBL\u00c9E G\u00c9N\u00c9RALE DU R\u00c9SEAU ANIMA INVESTMENT NETWORK, PLATEFORME AU SERVICE DE LA COOP\u00c9RATION \u00c9CONOMIQUE ENTRE L\u2019EUROPE, LE MOYEN-ORIENT ET L\u2019AFRIQUE | CONECT Tunisie<\/title>\n<meta name=\"robots\" content=\"index, follow, max-snippet:-1, max-image-preview:large, max-video-preview:-1\" \/>\n<link rel=\"canonical\" href=\"https:\/\/www.conect.org.tn\/ar\/Communiques%20de%20press\/le-syndicat-patronal-conect-abrite-la-conference-annuelle-et-lassemblee-generale-du-reseau-anima-investment-network-plateforme-au-service-de-la-cooperation-economique-entre-leurope\/\" \/>\n<meta property=\"og:locale\" content=\"ar_AR\" \/>\n<meta property=\"og:type\" content=\"article\" \/>\n<meta property=\"og:title\" content=\"LE SYNDICAT PATRONAL-CONECT ABRITE LA CONF\u00c9RENCE ANNUELLE ET L\u2019ASSEMBL\u00c9E G\u00c9N\u00c9RALE DU R\u00c9SEAU ANIMA INVESTMENT NETWORK, PLATEFORME AU SERVICE DE LA COOP\u00c9RATION \u00c9CONOMIQUE ENTRE L\u2019EUROPE, LE MOYEN-ORIENT ET L\u2019AFRIQUE | CONECT Tunisie\" \/>\n<meta property=\"og:description\" content=\"T\u00e9l\u00e9charger le PDF\" \/>\n<meta property=\"og:url\" content=\"https:\/\/www.conect.org.tn\/Communiques de press\/le-syndicat-patronal-conect-abrite-la-conference-annuelle-et-lassemblee-generale-du-reseau-anima-investment-network-plateforme-au-service-de-la-cooperation-economique-entre-leurope\/\" \/>\n<meta property=\"og:site_name\" content=\"CONECT Tunisie\" \/>\n<meta property=\"og:image\" content=\"https:\/\/www.conect.org.tn\/wp-content\/uploads\/2022\/12\/1-2.jpg\" \/>\n\t<meta property=\"og:image:width\" content=\"822\" \/>\n\t<meta property=\"og:image:height\" content=\"561\" \/>\n\t<meta property=\"og:image:type\" content=\"image\/jpeg\" \/>\n<meta name=\"twitter:card\" content=\"summary_large_image\" \/>\n<meta name=\"twitter:label1\" content=\"\u0648\u0642\u062a \u0627\u0644\u0642\u0631\u0627\u0621\u0629 \u0627\u0644\u0645\u064f\u0642\u062f\u0651\u0631\" \/>\n\t<meta name=\"twitter:data1\" content=\"\u062f\u0642\u064a\u0642\u0629 \u0648\u0627\u062d\u062f\u0629\" \/>\n<script type=\"application\/ld+json\" class=\"yoast-schema-graph\">{\"@context\":\"https:\/\/schema.org\",\"@graph\":[{\"@type\":\"WebPage\",\"@id\":\"https:\/\/www.conect.org.tn\/Communiques de press\/le-syndicat-patronal-conect-abrite-la-conference-annuelle-et-lassemblee-generale-du-reseau-anima-investment-network-plateforme-au-service-de-la-cooperation-economique-entre-leurope\/\",\"url\":\"https:\/\/www.conect.org.tn\/Communiques de press\/le-syndicat-patronal-conect-abrite-la-conference-annuelle-et-lassemblee-generale-du-reseau-anima-investment-network-plateforme-au-service-de-la-cooperation-economique-entre-leurope\/\",\"name\":\"LE SYNDICAT PATRONAL-CONECT ABRITE LA CONF\u00c9RENCE ANNUELLE ET L\u2019ASSEMBL\u00c9E G\u00c9N\u00c9RALE DU R\u00c9SEAU ANIMA INVESTMENT NETWORK, PLATEFORME AU SERVICE DE LA COOP\u00c9RATION \u00c9CONOMIQUE ENTRE L\u2019EUROPE, LE MOYEN-ORIENT ET L\u2019AFRIQUE | CONECT Tunisie\",\"isPartOf\":{\"@id\":\"https:\/\/www.conect.org.tn\/#website\"},\"datePublished\":\"2022-12-19T10:30:49+00:00\",\"dateModified\":\"2022-12-19T10:30:49+00:00\",\"breadcrumb\":{\"@id\":\"https:\/\/www.conect.org.tn\/Communiques de press\/le-syndicat-patronal-conect-abrite-la-conference-annuelle-et-lassemblee-generale-du-reseau-anima-investment-network-plateforme-au-service-de-la-cooperation-economique-entre-leurope\/#breadcrumb\"},\"inLanguage\":\"ar\",\"potentialAction\":[{\"@type\":\"ReadAction\",\"target\":[\"https:\/\/www.conect.org.tn\/Communiques de press\/le-syndicat-patronal-conect-abrite-la-conference-annuelle-et-lassemblee-generale-du-reseau-anima-investment-network-plateforme-au-service-de-la-cooperation-economique-entre-leurope\/\"]}]},{\"@type\":\"BreadcrumbList\",\"@id\":\"https:\/\/www.conect.org.tn\/Communiques de press\/le-syndicat-patronal-conect-abrite-la-conference-annuelle-et-lassemblee-generale-du-reseau-anima-investment-network-plateforme-au-service-de-la-cooperation-economique-entre-leurope\/#breadcrumb\",\"itemListElement\":[{\"@type\":\"ListItem\",\"position\":1,\"name\":\"Accueil\",\"item\":\"https:\/\/www.conect.org.tn\/ar\/\"},{\"@type\":\"ListItem\",\"position\":2,\"name\":\"LE SYNDICAT PATRONAL-CONECT ABRITE LA CONF\u00c9RENCE ANNUELLE ET L\u2019ASSEMBL\u00c9E G\u00c9N\u00c9RALE DU R\u00c9SEAU ANIMA INVESTMENT NETWORK, PLATEFORME AU SERVICE DE LA COOP\u00c9RATION \u00c9CONOMIQUE ENTRE L\u2019EUROPE, LE MOYEN-ORIENT ET L\u2019AFRIQUE\"}]},{\"@type\":\"WebSite\",\"@id\":\"https:\/\/www.conect.org.tn\/#website\",\"url\":\"https:\/\/www.conect.org.tn\/\",\"name\":\"CONECT Tunisie\",\"description\":\"Conf\u00e9d\u00e9ration des Entreprises Citoyennes de Tunisie\",\"potentialAction\":[{\"@type\":\"SearchAction\",\"target\":{\"@type\":\"EntryPoint\",\"urlTemplate\":\"https:\/\/www.conect.org.tn\/?s={search_term_string}\"},\"query-input\":\"required name=search_term_string\"}],\"inLanguage\":\"ar\"}]}<\/script>\n<!-- \/ Yoast SEO plugin. -->","yoast_head_json":{"title":"LE SYNDICAT PATRONAL-CONECT ABRITE LA CONF\u00c9RENCE ANNUELLE ET L\u2019ASSEMBL\u00c9E G\u00c9N\u00c9RALE DU R\u00c9SEAU ANIMA INVESTMENT NETWORK, PLATEFORME AU SERVICE DE LA COOP\u00c9RATION \u00c9CONOMIQUE ENTRE L\u2019EUROPE, LE MOYEN-ORIENT ET L\u2019AFRIQUE | CONECT Tunisie","robots":{"index":"index","follow":"follow","max-snippet":"max-snippet:-1","max-image-preview":"max-image-preview:large","max-video-preview":"max-video-preview:-1"},"canonical":"https:\/\/www.conect.org.tn\/ar\/Communiques de press\/le-syndicat-patronal-conect-abrite-la-conference-annuelle-et-lassemblee-generale-du-reseau-anima-investment-network-plateforme-au-service-de-la-cooperation-economique-entre-leurope\/","og_locale":"ar_AR","og_type":"article","og_title":"LE SYNDICAT PATRONAL-CONECT ABRITE LA CONF\u00c9RENCE ANNUELLE ET L\u2019ASSEMBL\u00c9E G\u00c9N\u00c9RALE DU R\u00c9SEAU ANIMA INVESTMENT NETWORK, PLATEFORME AU SERVICE DE LA COOP\u00c9RATION \u00c9CONOMIQUE ENTRE L\u2019EUROPE, LE MOYEN-ORIENT ET L\u2019AFRIQUE | CONECT Tunisie","og_description":"T\u00e9l\u00e9charger le PDF","og_url":"https:\/\/www.conect.org.tn\/Communiques de press\/le-syndicat-patronal-conect-abrite-la-conference-annuelle-et-lassemblee-generale-du-reseau-anima-investment-network-plateforme-au-service-de-la-cooperation-economique-entre-leurope\/","og_site_name":"CONECT Tunisie","og_image":[{"width":822,"height":561,"url":"https:\/\/www.conect.org.tn\/wp-content\/uploads\/2022\/12\/1-2.jpg","type":"image\/jpeg"}],"twitter_card":"summary_large_image","twitter_misc":{"\u0648\u0642\u062a \u0627\u0644\u0642\u0631\u0627\u0621\u0629 \u0627\u0644\u0645\u064f\u0642\u062f\u0651\u0631":"\u062f\u0642\u064a\u0642\u0629 \u0648\u0627\u062d\u062f\u0629"},"schema":{"@context":"https:\/\/schema.org","@graph":[{"@type":"WebPage","@id":"https:\/\/www.conect.org.tn\/Communiques de press\/le-syndicat-patronal-conect-abrite-la-conference-annuelle-et-lassemblee-generale-du-reseau-anima-investment-network-plateforme-au-service-de-la-cooperation-economique-entre-leurope\/","url":"https:\/\/www.conect.org.tn\/Communiques de press\/le-syndicat-patronal-conect-abrite-la-conference-annuelle-et-lassemblee-generale-du-reseau-anima-investment-network-plateforme-au-service-de-la-cooperation-economique-entre-leurope\/","name":"LE SYNDICAT PATRONAL-CONECT ABRITE LA CONF\u00c9RENCE ANNUELLE ET L\u2019ASSEMBL\u00c9E G\u00c9N\u00c9RALE DU R\u00c9SEAU ANIMA INVESTMENT NETWORK, PLATEFORME AU SERVICE DE LA COOP\u00c9RATION \u00c9CONOMIQUE ENTRE L\u2019EUROPE, LE MOYEN-ORIENT ET L\u2019AFRIQUE | CONECT Tunisie","isPartOf":{"@id":"https:\/\/www.conect.org.tn\/#website"},"datePublished":"2022-12-19T10:30:49+00:00","dateModified":"2022-12-19T10:30:49+00:00","breadcrumb":{"@id":"https:\/\/www.conect.org.tn\/Communiques de press\/le-syndicat-patronal-conect-abrite-la-conference-annuelle-et-lassemblee-generale-du-reseau-anima-investment-network-plateforme-au-service-de-la-cooperation-economique-entre-leurope\/#breadcrumb"},"inLanguage":"ar","potentialAction":[{"@type":"ReadAction","target":["https:\/\/www.conect.org.tn\/Communiques de press\/le-syndicat-patronal-conect-abrite-la-conference-annuelle-et-lassemblee-generale-du-reseau-anima-investment-network-plateforme-au-service-de-la-cooperation-economique-entre-leurope\/"]}]},{"@type":"BreadcrumbList","@id":"https:\/\/www.conect.org.tn\/Communiques de press\/le-syndicat-patronal-conect-abrite-la-conference-annuelle-et-lassemblee-generale-du-reseau-anima-investment-network-plateforme-au-service-de-la-cooperation-economique-entre-leurope\/#breadcrumb","itemListElement":[{"@type":"ListItem","position":1,"name":"Accueil","item":"https:\/\/www.conect.org.tn\/ar\/"},{"@type":"ListItem","position":2,"name":"LE SYNDICAT PATRONAL-CONECT ABRITE LA CONF\u00c9RENCE ANNUELLE ET L\u2019ASSEMBL\u00c9E G\u00c9N\u00c9RALE DU R\u00c9SEAU ANIMA INVESTMENT NETWORK, PLATEFORME AU SERVICE DE LA COOP\u00c9RATION \u00c9CONOMIQUE ENTRE L\u2019EUROPE, LE MOYEN-ORIENT ET L\u2019AFRIQUE"}]},{"@type":"WebSite","@id":"https:\/\/www.conect.org.tn\/#website","url":"https:\/\/www.conect.org.tn\/","name":"CONECT Tunisie","description":"Conf\u00e9d\u00e9ration des Entreprises Citoyennes de Tunisie","potentialAction":[{"@type":"SearchAction","target":{"@type":"EntryPoint","urlTemplate":"https:\/\/www.conect.org.tn\/?s={search_term_string}"},"query-input":"required name=search_term_string"}],"inLanguage":"ar"}]}},"acf":[],"_links":{"self":[{"href":"https:\/\/www.conect.org.tn\/ar\/wp-json\/wp\/v2\/communiquesdepress\/12666"}],"collection":[{"href":"https:\/\/www.conect.org.tn\/ar\/wp-json\/wp\/v2\/communiquesdepress"}],"about":[{"href":"https:\/\/www.conect.org.tn\/ar\/wp-json\/wp\/v2\/types\/communiquesdepress"}],"wp:featuredmedia":[{"embeddable":true,"href":"https:\/\/www.conect.org.tn\/ar\/wp-json\/wp\/v2\/media\/12670"}],"wp:attachment":[{"href":"https:\/\/www.conect.org.tn\/ar\/wp-json\/wp\/v2\/media?parent=12666"}],"curies":[{"name":"wp","href":"https:\/\/api.w.org\/{rel}","templated":true}]}}