{"id":19373,"date":"2025-06-10T18:23:13","date_gmt":"2025-06-10T16:23:13","guid":{"rendered":"https:\/\/www.conect.org.tn\/?post_type=communiquesdepress&#038;p=19373"},"modified":"2025-06-10T18:23:13","modified_gmt":"2025-06-10T16:23:13","slug":"miqyes-2024-les-pme-tunisiennes-renforcent-leur-engagement-environnemental-et-social","status":"publish","type":"communiquesdepress","link":"https:\/\/www.conect.org.tn\/ar\/Communiques de press\/miqyes-2024-les-pme-tunisiennes-renforcent-leur-engagement-environnemental-et-social\/","title":{"rendered":"MIQYES \u00a02024 : Les PME tunisiennes renforcent leur engagement environnemental et social"},"content":{"rendered":"<p><strong><b>Tunis, Mardi 10 juin 2025 <\/b><\/strong>&#8211; Le Programme des Nations Unies pour le d\u00e9veloppement (PNUD) et la Conf\u00e9d\u00e9ration des Entreprises Citoyennes de Tunisie (CONECT) ont pr\u00e9sent\u00e9, ce mardi 10 juin \u00e0 Tunis, l\u2019\u00e9tude sur les entreprises engag\u00e9es dans le d\u00e9veloppement durable r\u00e9alis\u00e9e dans le cadre de la 7\u1d49 \u00e9dition de MIQYES, le barom\u00e8tre national de la sant\u00e9 des petites et moyennes entreprises (PME) en Tunisie.<\/p>\n<p>Un premier atelier MIQYES a \u00e9t\u00e9 organis\u00e9 le 18 f\u00e9vrier 2025 afin de pr\u00e9senter les r\u00e9sultats d\u2019une premi\u00e8re enqu\u00eate r\u00e9alis\u00e9e aupr\u00e8s de 500 PME op\u00e9rant dans les secteurs de l\u2019industrie, de l\u2019agriculture, du commerce et des services.<\/p>\n<p>Cette 7\u00e8me \u00e9dition a \u00e9t\u00e9 \u00e9labor\u00e9e dans le cadre du projet \u201cEconomie verte et autonomisation \u00e9conomique des femmes en Tunisie\u201d (GEWEET) mis en \u0153uvre par le PNUD en partenariat avec le minist\u00e8re de l\u2019Economie et de la Planification, avec l\u2019appui financier du Canada. Ce projet vise \u00e0 acc\u00e9l\u00e9rer la transition de la Tunisie vers une \u00e9conomie verte, plus durable et respectueuse de l\u2019environnement, en se concentrant particuli\u00e8rement sur sept gouvernorats : Gab\u00e8s, Gafsa, Kairouan, K\u00e9bili, M\u00e9denine, Tataouine et Tozeur.<\/p>\n<p>MIQYES accorde, cette ann\u00e9e, une attention particuli\u00e8re au d\u00e9veloppement durable et a inclus un volet d\u00e9di\u00e9 \u00e0 l\u2019analyse du niveau d\u2019int\u00e9gration des pratiques Responsabilit\u00e9 Soci\u00e9tale des Entreprises, RSE, les crit\u00e8res environnementaux, sociaux et de gouvernance, ESG (Environmental, Social and Governance,) au sein des PME tunisiennes.<\/p>\n<p>Cette enqu\u00eate cible un \u00e9chantillon de 200 entreprises engag\u00e9es dans des d\u00e9marches responsables, afin de mieux comprendre leurs pratiques en mati\u00e8re de durabilit\u00e9, d\u2019\u00e9valuer leur impact \u00e9conomique, social et environnemental, et d\u2019identifier les leviers et les freins \u00e0 la g\u00e9n\u00e9ralisation de ces approches dans le tissu entrepreneurial tunisien.<\/p>\n<p><em><i>\u00ab Le PNUD est heureux, dans le cadre de cette nouvelle \u00e9dition de MIQYES, d\u2019approfondir son engagement en faveur d\u2019une \u00e9conomie verte, inclusive qui r\u00e9pond aux enjeux contemporains. Cette enqu\u00eate confirme que les PME ont un r\u00f4le moteur \u00e0 jouer dans la r\u00e9alisation des Objectifs de D\u00e9veloppement Durable. Nous restons pleinement engag\u00e9s aux c\u00f4t\u00e9s du gouvernement tunisien pour accompagner les entreprises dans leur transition vers des mod\u00e8les responsables o\u00f9 la durabilit\u00e9 devient un avantage comp\u00e9titif. \u00bb <\/i><\/em>d\u00e9clare, <strong><b>C\u00e9line Moyroud<\/b><\/strong>, Repr\u00e9sentante R\u00e9sidente du PNUD en Tunisie.<\/p>\n<p>Les r\u00e9sultats r\u00e9v\u00e8lent que 78 % des entreprises ont d\u00e9fini des objectifs environnementaux, 79 % des objectifs sociaux, et int\u00e8grent en moyenne 6 Objectifs de D\u00e9veloppement Durable (ODD) dans leur strat\u00e9gie. Environ 4 \u00e0 5 % de leur budget annuel est consacr\u00e9 \u00e0 des initiatives RSE, et 64 % pr\u00e9voient de renforcer leur engagement au cours des cinq prochaines ann\u00e9es.<\/p>\n<p><em><i>\u00ab Le d\u00e9veloppement durable et la transition \u00e9cologique ne sont pas des contraintes, mais de v\u00e9ritables leviers de croissance et d\u2019innovation pour les PME tunisiennes. Malgr\u00e9 un contexte \u00e9conomique difficile, les entrepreneurs que nous accompagnons \u00e0 la CONECT font preuve d\u2019une r\u00e9silience remarquable et s\u2019engagent de plus en plus dans des strat\u00e9gies durables. Cette dynamique doit \u00eatre soutenue et encourag\u00e9e \u00e0 tous les niveaux. \u00bb, souligne <\/i><\/em>Mme. Hosn El Oujoud Ben Mustapha, vice-pr\u00e9sidente de la CONECT.<\/p>\n<p>Malgr\u00e9 ces avanc\u00e9es, des d\u00e9fis subsistent : seulement 20 % des entreprises ont r\u00e9alis\u00e9 un bilan carbone, 22 % utilisent des \u00e9nergies renouvelables, et 44 % ne savent pas estimer leur objectif de r\u00e9duction de l\u2019intensit\u00e9 carbone trois ans. Les principaux obstacles identifi\u00e9s incluent l&#8217;acc\u00e8s au financement, le manque de comp\u00e9tences internes et la difficult\u00e9 \u00e0 mesurer l&#8217;impact des actions entreprises.<\/p>\n<p>Pourtant, comme d\u00e9montr\u00e9 par l\u2019enqu\u00eate, les PME tunisiennes aspirent \u00e0 s&#8217;engager dans une transition vers une \u00e9conomie plus durable et inclusive, tout en mettant en \u00e9vidence les besoins en accompagnement et en ressources pour surmonter les obstacles persistants.<\/p>\n<p><em><i>\u00ab Le Canada est fier d\u2019appuyer les efforts visant \u00e0 renforcer l\u2019engagement environnemental et social des PME tunisiennes. \u00c0 travers ce partenariat, nous r\u00e9affirmons notre volont\u00e9 de soutenir les entreprises tunisiennes dans l\u2019int\u00e9gration de pratiques responsables, au service d\u2019un d\u00e9veloppement \u00e9conomique durable. \u00bb, <\/i><\/em>affirme <strong><b>S.E. Mme Lorraine Diguer<\/b><\/strong>, Ambassadrice du Canada en Tunisie<\/p>\n<p><strong><b>Pour plus d&#8217;informations, veuillez contacter :<\/b><\/strong><\/p>\n<p>Sarra Kalfat : Charg\u00e9e de communication du PNUD Tunisie<\/p>\n<p>Courriel <a href=\"about:blank\"><u>: sarra.kalfat@undp.org<\/u><\/a><\/p>\n<p>Charg\u00e9e de Communication CONECT :<\/p>\n<p>Courriel : <a href=\"mailto:direction.communication@conect.org.tn\"><u>direction.communication@conect.org.tn<\/u><\/a><\/p>\n<p><strong><b>\u00c0 propos du PNUD<\/b><\/strong><\/p>\n<p>Le PNUD est le principal organisme des Nations Unies qui lutte contre l\u2019injustice de la pauvret\u00e9, les in\u00e9galit\u00e9s et le changement climatique. Travaillant avec un vaste r\u00e9seau d\u2019experts et de partenaires dans 170 pays, nous aidons les pays \u00e0 d\u00e9velopper des solutions int\u00e9gr\u00e9es et durables pour les peuples et la plan\u00e8te.<\/p>\n<p>Pour en savoir plus, rendez-vous sur undp.org ou suivez-nous sur le compte @UNDP.<\/p>\n<p><strong><b>\u00c0 propos de la CONECT<\/b><\/strong><\/p>\n<p>La CONECT est une organisation syndicale patronale, qui repr\u00e9sente et rassemble les petites, moyennes et grandes entreprises priv\u00e9es, tunisiennes et \u00e9trang\u00e8res de toutes les r\u00e9gions du pays exer\u00e7ant dans les diff\u00e9rents secteurs de l\u2019\u00e9conomie Tunisienne notamment l\u2019industrie, le commerce, les services, l\u2019artisanat et l\u2019agriculture. La CONECT, parrain du MIQYES de la sant\u00e9 de la PME, a form\u00e9 un groupe de travail MIQYES.<\/p>\n","protected":false},"featured_media":19374,"template":"","yoast_head":"<!-- This site is optimized with the Yoast SEO plugin v19.6 - https:\/\/yoast.com\/wordpress\/plugins\/seo\/ -->\n<title>MIQYES \u00a02024 : Les PME tunisiennes renforcent leur engagement environnemental et social | CONECT Tunisie<\/title>\n<meta name=\"robots\" content=\"index, follow, max-snippet:-1, max-image-preview:large, max-video-preview:-1\" \/>\n<link rel=\"canonical\" href=\"https:\/\/www.conect.org.tn\/ar\/Communiques%20de%20press\/miqyes-2024-les-pme-tunisiennes-renforcent-leur-engagement-environnemental-et-social\/\" \/>\n<meta property=\"og:locale\" content=\"ar_AR\" \/>\n<meta property=\"og:type\" content=\"article\" \/>\n<meta property=\"og:title\" content=\"MIQYES \u00a02024 : Les PME tunisiennes renforcent leur engagement environnemental et social | CONECT Tunisie\" \/>\n<meta property=\"og:description\" content=\"Tunis, Mardi 10 juin 2025 &#8211; Le Programme des Nations Unies pour le d\u00e9veloppement&hellip;\" \/>\n<meta property=\"og:url\" content=\"https:\/\/www.conect.org.tn\/Communiques de press\/miqyes-2024-les-pme-tunisiennes-renforcent-leur-engagement-environnemental-et-social\/\" \/>\n<meta property=\"og:site_name\" content=\"CONECT Tunisie\" \/>\n<meta property=\"og:image\" content=\"https:\/\/www.conect.org.tn\/wp-content\/uploads\/2025\/06\/d35af065-ffea-4336-8a99-cb9ee5d521ad.jpg\" \/>\n\t<meta property=\"og:image:width\" content=\"1234\" \/>\n\t<meta property=\"og:image:height\" content=\"823\" \/>\n\t<meta property=\"og:image:type\" content=\"image\/jpeg\" \/>\n<meta name=\"twitter:card\" content=\"summary_large_image\" \/>\n<meta name=\"twitter:label1\" content=\"\u0648\u0642\u062a \u0627\u0644\u0642\u0631\u0627\u0621\u0629 \u0627\u0644\u0645\u064f\u0642\u062f\u0651\u0631\" \/>\n\t<meta name=\"twitter:data1\" content=\"5 \u062f\u0642\u0627\u0626\u0642\" \/>\n<script type=\"application\/ld+json\" class=\"yoast-schema-graph\">{\"@context\":\"https:\/\/schema.org\",\"@graph\":[{\"@type\":\"WebPage\",\"@id\":\"https:\/\/www.conect.org.tn\/Communiques de press\/miqyes-2024-les-pme-tunisiennes-renforcent-leur-engagement-environnemental-et-social\/\",\"url\":\"https:\/\/www.conect.org.tn\/Communiques de press\/miqyes-2024-les-pme-tunisiennes-renforcent-leur-engagement-environnemental-et-social\/\",\"name\":\"MIQYES \u00a02024 : Les PME tunisiennes renforcent leur engagement environnemental et social | CONECT Tunisie\",\"isPartOf\":{\"@id\":\"https:\/\/www.conect.org.tn\/#website\"},\"datePublished\":\"2025-06-10T16:23:13+00:00\",\"dateModified\":\"2025-06-10T16:23:13+00:00\",\"breadcrumb\":{\"@id\":\"https:\/\/www.conect.org.tn\/Communiques de press\/miqyes-2024-les-pme-tunisiennes-renforcent-leur-engagement-environnemental-et-social\/#breadcrumb\"},\"inLanguage\":\"ar\",\"potentialAction\":[{\"@type\":\"ReadAction\",\"target\":[\"https:\/\/www.conect.org.tn\/Communiques de press\/miqyes-2024-les-pme-tunisiennes-renforcent-leur-engagement-environnemental-et-social\/\"]}]},{\"@type\":\"BreadcrumbList\",\"@id\":\"https:\/\/www.conect.org.tn\/Communiques de press\/miqyes-2024-les-pme-tunisiennes-renforcent-leur-engagement-environnemental-et-social\/#breadcrumb\",\"itemListElement\":[{\"@type\":\"ListItem\",\"position\":1,\"name\":\"Accueil\",\"item\":\"https:\/\/www.conect.org.tn\/ar\/\"},{\"@type\":\"ListItem\",\"position\":2,\"name\":\"MIQYES \u00a02024 : Les PME tunisiennes renforcent leur engagement environnemental et social\"}]},{\"@type\":\"WebSite\",\"@id\":\"https:\/\/www.conect.org.tn\/#website\",\"url\":\"https:\/\/www.conect.org.tn\/\",\"name\":\"CONECT Tunisie\",\"description\":\"Conf\u00e9d\u00e9ration des Entreprises Citoyennes de Tunisie\",\"potentialAction\":[{\"@type\":\"SearchAction\",\"target\":{\"@type\":\"EntryPoint\",\"urlTemplate\":\"https:\/\/www.conect.org.tn\/?s={search_term_string}\"},\"query-input\":\"required name=search_term_string\"}],\"inLanguage\":\"ar\"}]}<\/script>\n<!-- \/ Yoast SEO plugin. -->","yoast_head_json":{"title":"MIQYES \u00a02024 : Les PME tunisiennes renforcent leur engagement environnemental et social | CONECT Tunisie","robots":{"index":"index","follow":"follow","max-snippet":"max-snippet:-1","max-image-preview":"max-image-preview:large","max-video-preview":"max-video-preview:-1"},"canonical":"https:\/\/www.conect.org.tn\/ar\/Communiques de press\/miqyes-2024-les-pme-tunisiennes-renforcent-leur-engagement-environnemental-et-social\/","og_locale":"ar_AR","og_type":"article","og_title":"MIQYES \u00a02024 : Les PME tunisiennes renforcent leur engagement environnemental et social | CONECT Tunisie","og_description":"Tunis, Mardi 10 juin 2025 &#8211; Le Programme des Nations Unies pour le d\u00e9veloppement&hellip;","og_url":"https:\/\/www.conect.org.tn\/Communiques de press\/miqyes-2024-les-pme-tunisiennes-renforcent-leur-engagement-environnemental-et-social\/","og_site_name":"CONECT Tunisie","og_image":[{"width":1234,"height":823,"url":"https:\/\/www.conect.org.tn\/wp-content\/uploads\/2025\/06\/d35af065-ffea-4336-8a99-cb9ee5d521ad.jpg","type":"image\/jpeg"}],"twitter_card":"summary_large_image","twitter_misc":{"\u0648\u0642\u062a \u0627\u0644\u0642\u0631\u0627\u0621\u0629 \u0627\u0644\u0645\u064f\u0642\u062f\u0651\u0631":"5 \u062f\u0642\u0627\u0626\u0642"},"schema":{"@context":"https:\/\/schema.org","@graph":[{"@type":"WebPage","@id":"https:\/\/www.conect.org.tn\/Communiques de press\/miqyes-2024-les-pme-tunisiennes-renforcent-leur-engagement-environnemental-et-social\/","url":"https:\/\/www.conect.org.tn\/Communiques de press\/miqyes-2024-les-pme-tunisiennes-renforcent-leur-engagement-environnemental-et-social\/","name":"MIQYES \u00a02024 : Les PME tunisiennes renforcent leur engagement environnemental et social | CONECT Tunisie","isPartOf":{"@id":"https:\/\/www.conect.org.tn\/#website"},"datePublished":"2025-06-10T16:23:13+00:00","dateModified":"2025-06-10T16:23:13+00:00","breadcrumb":{"@id":"https:\/\/www.conect.org.tn\/Communiques de press\/miqyes-2024-les-pme-tunisiennes-renforcent-leur-engagement-environnemental-et-social\/#breadcrumb"},"inLanguage":"ar","potentialAction":[{"@type":"ReadAction","target":["https:\/\/www.conect.org.tn\/Communiques de press\/miqyes-2024-les-pme-tunisiennes-renforcent-leur-engagement-environnemental-et-social\/"]}]},{"@type":"BreadcrumbList","@id":"https:\/\/www.conect.org.tn\/Communiques de press\/miqyes-2024-les-pme-tunisiennes-renforcent-leur-engagement-environnemental-et-social\/#breadcrumb","itemListElement":[{"@type":"ListItem","position":1,"name":"Accueil","item":"https:\/\/www.conect.org.tn\/ar\/"},{"@type":"ListItem","position":2,"name":"MIQYES \u00a02024 : Les PME tunisiennes renforcent leur engagement environnemental et social"}]},{"@type":"WebSite","@id":"https:\/\/www.conect.org.tn\/#website","url":"https:\/\/www.conect.org.tn\/","name":"CONECT Tunisie","description":"Conf\u00e9d\u00e9ration des Entreprises Citoyennes de Tunisie","potentialAction":[{"@type":"SearchAction","target":{"@type":"EntryPoint","urlTemplate":"https:\/\/www.conect.org.tn\/?s={search_term_string}"},"query-input":"required name=search_term_string"}],"inLanguage":"ar"}]}},"acf":[],"_links":{"self":[{"href":"https:\/\/www.conect.org.tn\/ar\/wp-json\/wp\/v2\/communiquesdepress\/19373"}],"collection":[{"href":"https:\/\/www.conect.org.tn\/ar\/wp-json\/wp\/v2\/communiquesdepress"}],"about":[{"href":"https:\/\/www.conect.org.tn\/ar\/wp-json\/wp\/v2\/types\/communiquesdepress"}],"wp:featuredmedia":[{"embeddable":true,"href":"https:\/\/www.conect.org.tn\/ar\/wp-json\/wp\/v2\/media\/19374"}],"wp:attachment":[{"href":"https:\/\/www.conect.org.tn\/ar\/wp-json\/wp\/v2\/media?parent=19373"}],"curies":[{"name":"wp","href":"https:\/\/api.w.org\/{rel}","templated":true}]}}