{"id":9122,"date":"2022-07-18T12:02:55","date_gmt":"2022-07-18T10:02:55","guid":{"rendered":"https:\/\/conect.mediatd.com\/?post_type=communiquesdepress&#038;p=9122"},"modified":"2022-07-18T12:02:55","modified_gmt":"2022-07-18T10:02:55","slug":"la-conect-abrite-la-conference-annuelle-et-l-assemblee-generale-du-reseau-anima-investment-network","status":"publish","type":"communiquesdepress","link":"https:\/\/www.conect.org.tn\/ar\/Communiques de press\/la-conect-abrite-la-conference-annuelle-et-l-assemblee-generale-du-reseau-anima-investment-network\/","title":{"rendered":"La CONECT abrite la Conf\u00e9rence Annuelle et l Assembl\u00e9e G\u00e9n\u00e9rale du R\u00e9seau ANIMA Investment Network"},"content":{"rendered":"<p><a href=\"https:\/\/www.conect.org.tn\/wp-content\/uploads\/2022\/07\/La-CONECT-abrite-la-Conference-Annuelle-et-l-Assemblee-Generale-du-Reseau-ANIMA-Investment-Network.pdf\" target=\"_blank\" rel=\"noopener\"><strong>T\u00e9l\u00e9charger le PDF<\/strong><\/a><\/p>\n","protected":false},"featured_media":9125,"template":"","yoast_head":"<!-- This site is optimized with the Yoast SEO plugin v19.6 - https:\/\/yoast.com\/wordpress\/plugins\/seo\/ -->\n<title>La CONECT abrite la Conf\u00e9rence Annuelle et l Assembl\u00e9e G\u00e9n\u00e9rale du R\u00e9seau ANIMA Investment Network | CONECT Tunisie<\/title>\n<meta name=\"robots\" content=\"index, follow, max-snippet:-1, max-image-preview:large, max-video-preview:-1\" \/>\n<link rel=\"canonical\" href=\"https:\/\/www.conect.org.tn\/ar\/Communiques%20de%20press\/la-conect-abrite-la-conference-annuelle-et-l-assemblee-generale-du-reseau-anima-investment-network\/\" \/>\n<meta property=\"og:locale\" content=\"ar_AR\" \/>\n<meta property=\"og:type\" content=\"article\" \/>\n<meta property=\"og:title\" content=\"La CONECT abrite la Conf\u00e9rence Annuelle et l Assembl\u00e9e G\u00e9n\u00e9rale du R\u00e9seau ANIMA Investment Network | CONECT Tunisie\" \/>\n<meta property=\"og:description\" content=\"T\u00e9l\u00e9charger le PDF\" \/>\n<meta property=\"og:url\" content=\"https:\/\/www.conect.org.tn\/Communiques de press\/la-conect-abrite-la-conference-annuelle-et-l-assemblee-generale-du-reseau-anima-investment-network\/\" \/>\n<meta property=\"og:site_name\" content=\"CONECT Tunisie\" \/>\n<meta property=\"og:image\" content=\"https:\/\/www.conect.org.tn\/wp-content\/uploads\/2022\/07\/La-CONECT-abrite-la-Conference-Annuelle-et-l-Assemblee-Generale-du-Resea....png\" \/>\n\t<meta property=\"og:image:width\" content=\"800\" \/>\n\t<meta property=\"og:image:height\" content=\"533\" \/>\n\t<meta property=\"og:image:type\" content=\"image\/png\" \/>\n<meta name=\"twitter:card\" content=\"summary_large_image\" \/>\n<script type=\"application\/ld+json\" class=\"yoast-schema-graph\">{\"@context\":\"https:\/\/schema.org\",\"@graph\":[{\"@type\":\"WebPage\",\"@id\":\"https:\/\/www.conect.org.tn\/Communiques de press\/la-conect-abrite-la-conference-annuelle-et-l-assemblee-generale-du-reseau-anima-investment-network\/\",\"url\":\"https:\/\/www.conect.org.tn\/Communiques de press\/la-conect-abrite-la-conference-annuelle-et-l-assemblee-generale-du-reseau-anima-investment-network\/\",\"name\":\"La CONECT abrite la Conf\u00e9rence Annuelle et l Assembl\u00e9e G\u00e9n\u00e9rale du R\u00e9seau ANIMA Investment Network | CONECT Tunisie\",\"isPartOf\":{\"@id\":\"https:\/\/www.conect.org.tn\/#website\"},\"datePublished\":\"2022-07-18T10:02:55+00:00\",\"dateModified\":\"2022-07-18T10:02:55+00:00\",\"breadcrumb\":{\"@id\":\"https:\/\/www.conect.org.tn\/Communiques de press\/la-conect-abrite-la-conference-annuelle-et-l-assemblee-generale-du-reseau-anima-investment-network\/#breadcrumb\"},\"inLanguage\":\"ar\",\"potentialAction\":[{\"@type\":\"ReadAction\",\"target\":[\"https:\/\/www.conect.org.tn\/Communiques de press\/la-conect-abrite-la-conference-annuelle-et-l-assemblee-generale-du-reseau-anima-investment-network\/\"]}]},{\"@type\":\"BreadcrumbList\",\"@id\":\"https:\/\/www.conect.org.tn\/Communiques de press\/la-conect-abrite-la-conference-annuelle-et-l-assemblee-generale-du-reseau-anima-investment-network\/#breadcrumb\",\"itemListElement\":[{\"@type\":\"ListItem\",\"position\":1,\"name\":\"Accueil\",\"item\":\"https:\/\/www.conect.org.tn\/ar\/\"},{\"@type\":\"ListItem\",\"position\":2,\"name\":\"La CONECT abrite la Conf\u00e9rence Annuelle et l Assembl\u00e9e G\u00e9n\u00e9rale du R\u00e9seau ANIMA Investment Network\"}]},{\"@type\":\"WebSite\",\"@id\":\"https:\/\/www.conect.org.tn\/#website\",\"url\":\"https:\/\/www.conect.org.tn\/\",\"name\":\"CONECT Tunisie\",\"description\":\"Conf\u00e9d\u00e9ration des Entreprises Citoyennes de Tunisie\",\"potentialAction\":[{\"@type\":\"SearchAction\",\"target\":{\"@type\":\"EntryPoint\",\"urlTemplate\":\"https:\/\/www.conect.org.tn\/?s={search_term_string}\"},\"query-input\":\"required name=search_term_string\"}],\"inLanguage\":\"ar\"}]}<\/script>\n<!-- \/ Yoast SEO plugin. -->","yoast_head_json":{"title":"La CONECT abrite la Conf\u00e9rence Annuelle et l Assembl\u00e9e G\u00e9n\u00e9rale du R\u00e9seau ANIMA Investment Network | CONECT Tunisie","robots":{"index":"index","follow":"follow","max-snippet":"max-snippet:-1","max-image-preview":"max-image-preview:large","max-video-preview":"max-video-preview:-1"},"canonical":"https:\/\/www.conect.org.tn\/ar\/Communiques de press\/la-conect-abrite-la-conference-annuelle-et-l-assemblee-generale-du-reseau-anima-investment-network\/","og_locale":"ar_AR","og_type":"article","og_title":"La CONECT abrite la Conf\u00e9rence Annuelle et l Assembl\u00e9e G\u00e9n\u00e9rale du R\u00e9seau ANIMA Investment Network | CONECT Tunisie","og_description":"T\u00e9l\u00e9charger le PDF","og_url":"https:\/\/www.conect.org.tn\/Communiques de press\/la-conect-abrite-la-conference-annuelle-et-l-assemblee-generale-du-reseau-anima-investment-network\/","og_site_name":"CONECT Tunisie","og_image":[{"width":800,"height":533,"url":"https:\/\/www.conect.org.tn\/wp-content\/uploads\/2022\/07\/La-CONECT-abrite-la-Conference-Annuelle-et-l-Assemblee-Generale-du-Resea....png","type":"image\/png"}],"twitter_card":"summary_large_image","schema":{"@context":"https:\/\/schema.org","@graph":[{"@type":"WebPage","@id":"https:\/\/www.conect.org.tn\/Communiques de press\/la-conect-abrite-la-conference-annuelle-et-l-assemblee-generale-du-reseau-anima-investment-network\/","url":"https:\/\/www.conect.org.tn\/Communiques de press\/la-conect-abrite-la-conference-annuelle-et-l-assemblee-generale-du-reseau-anima-investment-network\/","name":"La CONECT abrite la Conf\u00e9rence Annuelle et l Assembl\u00e9e G\u00e9n\u00e9rale du R\u00e9seau ANIMA Investment Network | CONECT Tunisie","isPartOf":{"@id":"https:\/\/www.conect.org.tn\/#website"},"datePublished":"2022-07-18T10:02:55+00:00","dateModified":"2022-07-18T10:02:55+00:00","breadcrumb":{"@id":"https:\/\/www.conect.org.tn\/Communiques de press\/la-conect-abrite-la-conference-annuelle-et-l-assemblee-generale-du-reseau-anima-investment-network\/#breadcrumb"},"inLanguage":"ar","potentialAction":[{"@type":"ReadAction","target":["https:\/\/www.conect.org.tn\/Communiques de press\/la-conect-abrite-la-conference-annuelle-et-l-assemblee-generale-du-reseau-anima-investment-network\/"]}]},{"@type":"BreadcrumbList","@id":"https:\/\/www.conect.org.tn\/Communiques de press\/la-conect-abrite-la-conference-annuelle-et-l-assemblee-generale-du-reseau-anima-investment-network\/#breadcrumb","itemListElement":[{"@type":"ListItem","position":1,"name":"Accueil","item":"https:\/\/www.conect.org.tn\/ar\/"},{"@type":"ListItem","position":2,"name":"La CONECT abrite la Conf\u00e9rence Annuelle et l Assembl\u00e9e G\u00e9n\u00e9rale du R\u00e9seau ANIMA Investment Network"}]},{"@type":"WebSite","@id":"https:\/\/www.conect.org.tn\/#website","url":"https:\/\/www.conect.org.tn\/","name":"CONECT Tunisie","description":"Conf\u00e9d\u00e9ration des Entreprises Citoyennes de Tunisie","potentialAction":[{"@type":"SearchAction","target":{"@type":"EntryPoint","urlTemplate":"https:\/\/www.conect.org.tn\/?s={search_term_string}"},"query-input":"required name=search_term_string"}],"inLanguage":"ar"}]}},"acf":[],"_links":{"self":[{"href":"https:\/\/www.conect.org.tn\/ar\/wp-json\/wp\/v2\/communiquesdepress\/9122"}],"collection":[{"href":"https:\/\/www.conect.org.tn\/ar\/wp-json\/wp\/v2\/communiquesdepress"}],"about":[{"href":"https:\/\/www.conect.org.tn\/ar\/wp-json\/wp\/v2\/types\/communiquesdepress"}],"wp:featuredmedia":[{"embeddable":true,"href":"https:\/\/www.conect.org.tn\/ar\/wp-json\/wp\/v2\/media\/9125"}],"wp:attachment":[{"href":"https:\/\/www.conect.org.tn\/ar\/wp-json\/wp\/v2\/media?parent=9122"}],"curies":[{"name":"wp","href":"https:\/\/api.w.org\/{rel}","templated":true}]}}