{"id":13414,"date":"2023-03-14T14:21:31","date_gmt":"2023-03-14T13:21:31","guid":{"rendered":"https:\/\/www.conect.org.tn\/?p=13414"},"modified":"2023-03-14T14:21:31","modified_gmt":"2023-03-14T13:21:31","slug":"%d8%a7%d9%84%d9%85%d9%82%d8%a7%d9%88%d9%84%d9%88%d9%86-%d8%af%d8%b9%d9%88%d8%a7%d8%aa-%d9%84%d8%aa%d9%82%d8%af%d9%8a%d9%85-%d8%a7%d9%84%d8%b7%d9%84%d8%a8%d8%a7%d8%aa-%d9%84%d8%aa%d9%86%d9%81%d9%8a","status":"publish","type":"post","link":"https:\/\/www.conect.org.tn\/ar\/%d8%a7%d9%84%d9%85%d9%82%d8%a7%d9%88%d9%84%d9%88%d9%86-%d8%af%d8%b9%d9%88%d8%a7%d8%aa-%d9%84%d8%aa%d9%82%d8%af%d9%8a%d9%85-%d8%a7%d9%84%d8%b7%d9%84%d8%a8%d8%a7%d8%aa-%d9%84%d8%aa%d9%86%d9%81%d9%8a\/","title":{"rendered":"\u0627\u0644\u0645\u0642\u0627\u0648\u0644\u0648\u0646 | \u062f\u0639\u0648\u0627\u062a \u0644\u062a\u0642\u062f\u064a\u0645 \u0627\u0644\u0637\u0644\u0628\u0627\u062a \u0644\u062a\u0646\u0641\u064a\u0630 \u0628\u0631\u0646\u0627\u0645\u062c \u0627\u0644\u062d\u0636\u0627\u0646\u0629 22 \u0645\u0627\u0631\u0633 2023"},"content":{"rendered":"\t\t<div data-elementor-type=\"wp-post\" data-elementor-id=\"13414\" class=\"elementor elementor-13414\" data-elementor-settings=\"[]\">\n\t\t\t\t\t\t\t<div class=\"elementor-section-wrap\">\n\t\t\t\t\t\t\t<section class=\"penci-section penci-disSticky penci-structure-10 elementor-section elementor-top-section elementor-element elementor-element-32e43d4 elementor-section-boxed elementor-section-height-default elementor-section-height-default\" data-id=\"32e43d4\" data-element_type=\"section\">\n\t\t\t\t\t\t<div class=\"elementor-container elementor-column-gap-default\">\n\t\t\t\t\t<div class=\"penci-ercol-100 penci-ercol-order-1 penci-sticky-ct  elementor-column elementor-col-100 elementor-top-column elementor-element elementor-element-da6afd0\" data-id=\"da6afd0\" data-element_type=\"column\">\n\t\t\t<div class=\"elementor-widget-wrap elementor-element-populated\">\n\t\t\t\t\t\t\t\t<div class=\"elementor-element elementor-element-100ec6c elementor-widget elementor-widget-text-editor\" data-id=\"100ec6c\" data-element_type=\"widget\" data-widget_type=\"text-editor.default\">\n\t\t\t\t<div class=\"elementor-widget-container\">\n\t\t\t<style>\/*! elementor - v3.5.5 - 03-02-2022 *\/\n.elementor-widget-text-editor.elementor-drop-cap-view-stacked .elementor-drop-cap{background-color:#818a91;color:#fff}.elementor-widget-text-editor.elementor-drop-cap-view-framed .elementor-drop-cap{color:#818a91;border:3px solid;background-color:transparent}.elementor-widget-text-editor:not(.elementor-drop-cap-view-default) .elementor-drop-cap{margin-top:8px}.elementor-widget-text-editor:not(.elementor-drop-cap-view-default) .elementor-drop-cap-letter{width:1em;height:1em}.elementor-widget-text-editor .elementor-drop-cap{float:left;text-align:center;line-height:1;font-size:50px}.elementor-widget-text-editor .elementor-drop-cap-letter{display:inline-block}<\/style>\t\t\t\t<p>Dans le cadre du projet M\u00e9dith\u00e9\u00e2tres, la CONECT lance 2 appels \u00e0 candidatures, le premier pour la s\u00e9lection d\u2019un groupement d\u2019experts\/consultants pour mettre en \u0153uvre un programme d\u2019incubation .Et ce , afin d\u2019accompagner les 12 candidats s\u00e9lectionn\u00e9s .<br \/>Cet accompagnement sera personnalis\u00e9, et consistera en des s\u00e9ances de formation collective \u00a0ainsi qu\u2019une \u00a0une assistance individuelle sp\u00e9cialis\u00e9e .<\/p><p><br \/><strong>\u23f3DUR\u00c9E\u00a0<\/strong><br \/>Les 12 candidats b\u00e9n\u00e9ficiaires de ce programme, actifs dans les deux secteurs de d\u00e9cors et costumes, seront accompagn\u00e9s pour \u00e9laborer leurs plans d\u2019affaires durant une p\u00e9riode de 3 mois (avril-mai-juin 2023).<\/p><table width=\"100%\"><tbody><tr><td><p><strong>Le deuxi\u00e8me appel<\/strong> c\u2019est concern\u00e9\u00a0 <strong>la mise en place d\u2019une plateforme virtuelle d\u2019incubation de type METAVERSE \u00ab CONECTIVERSE \u00bb<\/strong> dans le secteur des services pour l\u2019accompagnement d&#8217;artistes et d&#8217; artisans des secteurs de la production et la r\u00e9alisation de costumes et de d\u00e9cors au profit de\u00a0 spectacles organis\u00e9s dans les grands th\u00e9\u00e2tres ayant pour objectif majeur le d\u00e9veloppement du tourisme culturel.<br \/>\u00a0<br \/>\ud83c\udfaf L\u2019objectif de la plateforme c\u2019est de couvrir tous les services d\u2019incubation :<br \/>&#8211; Gestion des incub\u00e9s<br \/>&#8211; Gestion des experts, formateurs, coachs, etc.<br \/>&#8211; Cr\u00e9ation d\u2019un espace immersif pour que tous les acteurs de l\u2019incubateur puissent vivre une exp\u00e9rience r\u00e9elle et engageante : espace transfert de savoir et savoir-faire, espace \u00e9valuation, \u2026<br \/>&#8211; Gestion et analyse des donn\u00e9es qui permettent d&#8217;\u00e9valuer les incub\u00e9s et d\u2019am\u00e9liorer l\u2019exp\u00e9rience.<br \/>\u00a0<br \/><strong>\u23f3<\/strong><strong> DUR\u00c9E<\/strong><br \/>La dur\u00e9e de la mission sera d\u2019une p\u00e9riode de 5 mois.<\/p><p>Les candidats\/groupements int\u00e9ress\u00e9s \u00e0 r\u00e9aliser les services d\u00e9crits dans les termes de r\u00e9f\u00e9rences, doivent fournir les informations pertinentes montrant qu\u2019ils sont qualifi\u00e9s pour ex\u00e9cuter les prestations demand\u00e9es tout en envoyant leurs candidatures\u00a0 par mail \u00e0 l&#8217;adresse suivante :<br \/><br \/>\ud83d\udce7<u>conectmeditheatre@gmail.com<\/u><br \/><br \/>en mentionnant comme objet du courriel :\u00a0<br \/>\u00ab Mise en place d\u2019un programme d\u2019incubation M\u00e9dith\u00e9\u00e2tres \u00bb<br \/>Ou \u00ab Mise en place d\u2019une plateforme virtuelle d\u2019incubation M\u00e9dith\u00e9\u00e2tres \u00bb\u00a0au plus tard le 22 mars 2023.<\/p><\/td><\/tr><\/tbody><\/table>\t\t\t\t\t\t<\/div>\n\t\t\t\t<\/div>\n\t\t\t\t\t<\/div>\n\t\t<\/div>\n\t\t\t\t\t\t\t<\/div>\n\t\t<\/section>\n\t\t\t\t<section class=\"penci-section penci-disSticky penci-structure-10 elementor-section elementor-top-section elementor-element elementor-element-7c60ff95 elementor-section-boxed elementor-section-height-default elementor-section-height-default\" data-id=\"7c60ff95\" data-element_type=\"section\">\n\t\t\t\t\t\t<div class=\"elementor-container elementor-column-gap-default\">\n\t\t\t\t\t<div class=\"penci-ercol-100 penci-ercol-order-1 penci-sticky-ct  elementor-column elementor-col-100 elementor-top-column elementor-element elementor-element-76281d57\" data-id=\"76281d57\" data-element_type=\"column\">\n\t\t\t<div class=\"elementor-widget-wrap elementor-element-populated\">\n\t\t\t\t\t\t\t\t<div class=\"elementor-element elementor-element-762a206 elementor-widget elementor-widget-text-editor\" data-id=\"762a206\" data-element_type=\"widget\" data-widget_type=\"text-editor.default\">\n\t\t\t\t<div class=\"elementor-widget-container\">\n\t\t\t\t\t\t\t<p><a href=\"https:\/\/www.conect.org.tn\/wp-content\/uploads\/2023\/03\/TDR-GROUPEMENT-EXPERTS-MEDITHEATRES-_-VERSION-FINALE.pdf\">TDR GROUPEMENT EXPERTS MEDITHEATRES<\/a><\/p><p><a href=\"https:\/\/www.conect.org.tn\/wp-content\/uploads\/2023\/03\/TDR-PLATEFORME-INCUBATION-_-VERSION-FINALE.pdf\">TDR PLATEFORME INCUBATION <\/a><\/p>\t\t\t\t\t\t<\/div>\n\t\t\t\t<\/div>\n\t\t\t\t\t<\/div>\n\t\t<\/div>\n\t\t\t\t\t\t\t<\/div>\n\t\t<\/section>\n\t\t\t\t\t\t<\/div>\n\t\t\t\t\t<\/div>\n\t\t","protected":false},"excerpt":{"rendered":"<p>Dans le cadre du projet M\u00e9dith\u00e9\u00e2tres, la CONECT lance 2 appels \u00e0 candidatures, le&hellip;<\/p>\n","protected":false},"author":1,"featured_media":13174,"comment_status":"open","ping_status":"open","sticky":false,"template":"","format":"standard","meta":[],"categories":[216],"tags":[],"yoast_head":"<!-- This site is optimized with the Yoast SEO plugin v19.6 - https:\/\/yoast.com\/wordpress\/plugins\/seo\/ -->\n<title>\u0627\u0644\u0645\u0642\u0627\u0648\u0644\u0648\u0646 | \u062f\u0639\u0648\u0627\u062a \u0644\u062a\u0642\u062f\u064a\u0645 \u0627\u0644\u0637\u0644\u0628\u0627\u062a \u0644\u062a\u0646\u0641\u064a\u0630 \u0628\u0631\u0646\u0627\u0645\u062c \u0627\u0644\u062d\u0636\u0627\u0646\u0629 22 \u0645\u0627\u0631\u0633 2023 | CONECT Tunisie<\/title>\n<meta name=\"robots\" content=\"index, follow, max-snippet:-1, max-image-preview:large, max-video-preview:-1\" \/>\n<link rel=\"canonical\" href=\"https:\/\/www.conect.org.tn\/ar\/\u0627\u0644\u0645\u0642\u0627\u0648\u0644\u0648\u0646-\u062f\u0639\u0648\u0627\u062a-\u0644\u062a\u0642\u062f\u064a\u0645-\u0627\u0644\u0637\u0644\u0628\u0627\u062a-\u0644\u062a\u0646\u0641\u064a\/\" \/>\n<meta property=\"og:locale\" content=\"ar_AR\" \/>\n<meta property=\"og:type\" content=\"article\" \/>\n<meta property=\"og:title\" content=\"\u0627\u0644\u0645\u0642\u0627\u0648\u0644\u0648\u0646 | \u062f\u0639\u0648\u0627\u062a \u0644\u062a\u0642\u062f\u064a\u0645 \u0627\u0644\u0637\u0644\u0628\u0627\u062a \u0644\u062a\u0646\u0641\u064a\u0630 \u0628\u0631\u0646\u0627\u0645\u062c \u0627\u0644\u062d\u0636\u0627\u0646\u0629 22 \u0645\u0627\u0631\u0633 2023 | CONECT Tunisie\" \/>\n<meta property=\"og:description\" content=\"Dans le cadre du projet M\u00e9dith\u00e9\u00e2tres, la CONECT lance 2 appels \u00e0 candidatures, le&hellip;\" \/>\n<meta property=\"og:url\" content=\"https:\/\/www.conect.org.tn\/ar\/\u0627\u0644\u0645\u0642\u0627\u0648\u0644\u0648\u0646-\u062f\u0639\u0648\u0627\u062a-\u0644\u062a\u0642\u062f\u064a\u0645-\u0627\u0644\u0637\u0644\u0628\u0627\u062a-\u0644\u062a\u0646\u0641\u064a\/\" \/>\n<meta property=\"og:site_name\" content=\"CONECT Tunisie\" \/>\n<meta property=\"article:published_time\" content=\"2023-03-14T13:21:31+00:00\" \/>\n<meta property=\"og:image\" content=\"https:\/\/www.conect.org.tn\/wp-content\/uploads\/2023\/03\/app-con.jpg\" \/>\n\t<meta property=\"og:image:width\" content=\"1600\" \/>\n\t<meta property=\"og:image:height\" content=\"972\" \/>\n\t<meta property=\"og:image:type\" content=\"image\/jpeg\" \/>\n<meta name=\"author\" content=\"conect2022mtd\" \/>\n<meta name=\"twitter:card\" content=\"summary_large_image\" \/>\n<meta name=\"twitter:label1\" content=\"\u0643\u064f\u062a\u0628 \u0628\u0648\u0627\u0633\u0637\u0629\" \/>\n\t<meta name=\"twitter:data1\" content=\"conect2022mtd\" \/>\n\t<meta name=\"twitter:label2\" content=\"\u0648\u0642\u062a \u0627\u0644\u0642\u0631\u0627\u0621\u0629 \u0627\u0644\u0645\u064f\u0642\u062f\u0651\u0631\" \/>\n\t<meta name=\"twitter:data2\" content=\"\u062f\u0642\u064a\u0642\u062a\u0627\u0646\" \/>\n<script type=\"application\/ld+json\" class=\"yoast-schema-graph\">{\"@context\":\"https:\/\/schema.org\",\"@graph\":[{\"@type\":\"WebPage\",\"@id\":\"https:\/\/www.conect.org.tn\/ar\/%d8%a7%d9%84%d9%85%d9%82%d8%a7%d9%88%d9%84%d9%88%d9%86-%d8%af%d8%b9%d9%88%d8%a7%d8%aa-%d9%84%d8%aa%d9%82%d8%af%d9%8a%d9%85-%d8%a7%d9%84%d8%b7%d9%84%d8%a8%d8%a7%d8%aa-%d9%84%d8%aa%d9%86%d9%81%d9%8a\/\",\"url\":\"https:\/\/www.conect.org.tn\/ar\/%d8%a7%d9%84%d9%85%d9%82%d8%a7%d9%88%d9%84%d9%88%d9%86-%d8%af%d8%b9%d9%88%d8%a7%d8%aa-%d9%84%d8%aa%d9%82%d8%af%d9%8a%d9%85-%d8%a7%d9%84%d8%b7%d9%84%d8%a8%d8%a7%d8%aa-%d9%84%d8%aa%d9%86%d9%81%d9%8a\/\",\"name\":\"\u0627\u0644\u0645\u0642\u0627\u0648\u0644\u0648\u0646 | \u062f\u0639\u0648\u0627\u062a \u0644\u062a\u0642\u062f\u064a\u0645 \u0627\u0644\u0637\u0644\u0628\u0627\u062a \u0644\u062a\u0646\u0641\u064a\u0630 \u0628\u0631\u0646\u0627\u0645\u062c \u0627\u0644\u062d\u0636\u0627\u0646\u0629 22 \u0645\u0627\u0631\u0633 2023 | CONECT Tunisie\",\"isPartOf\":{\"@id\":\"https:\/\/www.conect.org.tn\/#website\"},\"datePublished\":\"2023-03-14T13:21:31+00:00\",\"dateModified\":\"2023-03-14T13:21:31+00:00\",\"author\":{\"@id\":\"https:\/\/www.conect.org.tn\/#\/schema\/person\/eb6a7c3ea8957f53e6884c7773f5b90d\"},\"breadcrumb\":{\"@id\":\"https:\/\/www.conect.org.tn\/ar\/%d8%a7%d9%84%d9%85%d9%82%d8%a7%d9%88%d9%84%d9%88%d9%86-%d8%af%d8%b9%d9%88%d8%a7%d8%aa-%d9%84%d8%aa%d9%82%d8%af%d9%8a%d9%85-%d8%a7%d9%84%d8%b7%d9%84%d8%a8%d8%a7%d8%aa-%d9%84%d8%aa%d9%86%d9%81%d9%8a\/#breadcrumb\"},\"inLanguage\":\"ar\",\"potentialAction\":[{\"@type\":\"ReadAction\",\"target\":[\"https:\/\/www.conect.org.tn\/ar\/%d8%a7%d9%84%d9%85%d9%82%d8%a7%d9%88%d9%84%d9%88%d9%86-%d8%af%d8%b9%d9%88%d8%a7%d8%aa-%d9%84%d8%aa%d9%82%d8%af%d9%8a%d9%85-%d8%a7%d9%84%d8%b7%d9%84%d8%a8%d8%a7%d8%aa-%d9%84%d8%aa%d9%86%d9%81%d9%8a\/\"]}]},{\"@type\":\"BreadcrumbList\",\"@id\":\"https:\/\/www.conect.org.tn\/ar\/%d8%a7%d9%84%d9%85%d9%82%d8%a7%d9%88%d9%84%d9%88%d9%86-%d8%af%d8%b9%d9%88%d8%a7%d8%aa-%d9%84%d8%aa%d9%82%d8%af%d9%8a%d9%85-%d8%a7%d9%84%d8%b7%d9%84%d8%a8%d8%a7%d8%aa-%d9%84%d8%aa%d9%86%d9%81%d9%8a\/#breadcrumb\",\"itemListElement\":[{\"@type\":\"ListItem\",\"position\":1,\"name\":\"Accueil\",\"item\":\"https:\/\/www.conect.org.tn\/ar\/\"},{\"@type\":\"ListItem\",\"position\":2,\"name\":\"\u0627\u0644\u0645\u0642\u0627\u0648\u0644\u0648\u0646 | \u062f\u0639\u0648\u0627\u062a \u0644\u062a\u0642\u062f\u064a\u0645 \u0627\u0644\u0637\u0644\u0628\u0627\u062a \u0644\u062a\u0646\u0641\u064a\u0630 \u0628\u0631\u0646\u0627\u0645\u062c \u0627\u0644\u062d\u0636\u0627\u0646\u0629 22 \u0645\u0627\u0631\u0633 2023\"}]},{\"@type\":\"WebSite\",\"@id\":\"https:\/\/www.conect.org.tn\/#website\",\"url\":\"https:\/\/www.conect.org.tn\/\",\"name\":\"CONECT Tunisie\",\"description\":\"Conf\u00e9d\u00e9ration des Entreprises Citoyennes de Tunisie\",\"potentialAction\":[{\"@type\":\"SearchAction\",\"target\":{\"@type\":\"EntryPoint\",\"urlTemplate\":\"https:\/\/www.conect.org.tn\/?s={search_term_string}\"},\"query-input\":\"required name=search_term_string\"}],\"inLanguage\":\"ar\"},{\"@type\":\"Person\",\"@id\":\"https:\/\/www.conect.org.tn\/#\/schema\/person\/eb6a7c3ea8957f53e6884c7773f5b90d\",\"name\":\"conect2022mtd\",\"image\":{\"@type\":\"ImageObject\",\"inLanguage\":\"ar\",\"@id\":\"https:\/\/www.conect.org.tn\/#\/schema\/person\/image\/\",\"url\":\"https:\/\/secure.gravatar.com\/avatar\/68928f39d46b3adb6a9e2273da041082?s=96&d=mm&r=g\",\"contentUrl\":\"https:\/\/secure.gravatar.com\/avatar\/68928f39d46b3adb6a9e2273da041082?s=96&d=mm&r=g\",\"caption\":\"conect2022mtd\"},\"sameAs\":[\"https:\/\/www.conect.org.tn\"],\"url\":\"https:\/\/www.conect.org.tn\/ar\/author\/conect2022mtd\/\"}]}<\/script>\n<!-- \/ Yoast SEO plugin. -->","yoast_head_json":{"title":"\u0627\u0644\u0645\u0642\u0627\u0648\u0644\u0648\u0646 | \u062f\u0639\u0648\u0627\u062a \u0644\u062a\u0642\u062f\u064a\u0645 \u0627\u0644\u0637\u0644\u0628\u0627\u062a \u0644\u062a\u0646\u0641\u064a\u0630 \u0628\u0631\u0646\u0627\u0645\u062c \u0627\u0644\u062d\u0636\u0627\u0646\u0629 22 \u0645\u0627\u0631\u0633 2023 | CONECT Tunisie","robots":{"index":"index","follow":"follow","max-snippet":"max-snippet:-1","max-image-preview":"max-image-preview:large","max-video-preview":"max-video-preview:-1"},"canonical":"https:\/\/www.conect.org.tn\/ar\/\u0627\u0644\u0645\u0642\u0627\u0648\u0644\u0648\u0646-\u062f\u0639\u0648\u0627\u062a-\u0644\u062a\u0642\u062f\u064a\u0645-\u0627\u0644\u0637\u0644\u0628\u0627\u062a-\u0644\u062a\u0646\u0641\u064a\/","og_locale":"ar_AR","og_type":"article","og_title":"\u0627\u0644\u0645\u0642\u0627\u0648\u0644\u0648\u0646 | \u062f\u0639\u0648\u0627\u062a \u0644\u062a\u0642\u062f\u064a\u0645 \u0627\u0644\u0637\u0644\u0628\u0627\u062a \u0644\u062a\u0646\u0641\u064a\u0630 \u0628\u0631\u0646\u0627\u0645\u062c \u0627\u0644\u062d\u0636\u0627\u0646\u0629 22 \u0645\u0627\u0631\u0633 2023 | CONECT Tunisie","og_description":"Dans le cadre du projet M\u00e9dith\u00e9\u00e2tres, la CONECT lance 2 appels \u00e0 candidatures, le&hellip;","og_url":"https:\/\/www.conect.org.tn\/ar\/\u0627\u0644\u0645\u0642\u0627\u0648\u0644\u0648\u0646-\u062f\u0639\u0648\u0627\u062a-\u0644\u062a\u0642\u062f\u064a\u0645-\u0627\u0644\u0637\u0644\u0628\u0627\u062a-\u0644\u062a\u0646\u0641\u064a\/","og_site_name":"CONECT Tunisie","article_published_time":"2023-03-14T13:21:31+00:00","og_image":[{"width":1600,"height":972,"url":"https:\/\/www.conect.org.tn\/wp-content\/uploads\/2023\/03\/app-con.jpg","type":"image\/jpeg"}],"author":"conect2022mtd","twitter_card":"summary_large_image","twitter_misc":{"\u0643\u064f\u062a\u0628 \u0628\u0648\u0627\u0633\u0637\u0629":"conect2022mtd","\u0648\u0642\u062a \u0627\u0644\u0642\u0631\u0627\u0621\u0629 \u0627\u0644\u0645\u064f\u0642\u062f\u0651\u0631":"\u062f\u0642\u064a\u0642\u062a\u0627\u0646"},"schema":{"@context":"https:\/\/schema.org","@graph":[{"@type":"WebPage","@id":"https:\/\/www.conect.org.tn\/ar\/%d8%a7%d9%84%d9%85%d9%82%d8%a7%d9%88%d9%84%d9%88%d9%86-%d8%af%d8%b9%d9%88%d8%a7%d8%aa-%d9%84%d8%aa%d9%82%d8%af%d9%8a%d9%85-%d8%a7%d9%84%d8%b7%d9%84%d8%a8%d8%a7%d8%aa-%d9%84%d8%aa%d9%86%d9%81%d9%8a\/","url":"https:\/\/www.conect.org.tn\/ar\/%d8%a7%d9%84%d9%85%d9%82%d8%a7%d9%88%d9%84%d9%88%d9%86-%d8%af%d8%b9%d9%88%d8%a7%d8%aa-%d9%84%d8%aa%d9%82%d8%af%d9%8a%d9%85-%d8%a7%d9%84%d8%b7%d9%84%d8%a8%d8%a7%d8%aa-%d9%84%d8%aa%d9%86%d9%81%d9%8a\/","name":"\u0627\u0644\u0645\u0642\u0627\u0648\u0644\u0648\u0646 | \u062f\u0639\u0648\u0627\u062a \u0644\u062a\u0642\u062f\u064a\u0645 \u0627\u0644\u0637\u0644\u0628\u0627\u062a \u0644\u062a\u0646\u0641\u064a\u0630 \u0628\u0631\u0646\u0627\u0645\u062c \u0627\u0644\u062d\u0636\u0627\u0646\u0629 22 \u0645\u0627\u0631\u0633 2023 | CONECT Tunisie","isPartOf":{"@id":"https:\/\/www.conect.org.tn\/#website"},"datePublished":"2023-03-14T13:21:31+00:00","dateModified":"2023-03-14T13:21:31+00:00","author":{"@id":"https:\/\/www.conect.org.tn\/#\/schema\/person\/eb6a7c3ea8957f53e6884c7773f5b90d"},"breadcrumb":{"@id":"https:\/\/www.conect.org.tn\/ar\/%d8%a7%d9%84%d9%85%d9%82%d8%a7%d9%88%d9%84%d9%88%d9%86-%d8%af%d8%b9%d9%88%d8%a7%d8%aa-%d9%84%d8%aa%d9%82%d8%af%d9%8a%d9%85-%d8%a7%d9%84%d8%b7%d9%84%d8%a8%d8%a7%d8%aa-%d9%84%d8%aa%d9%86%d9%81%d9%8a\/#breadcrumb"},"inLanguage":"ar","potentialAction":[{"@type":"ReadAction","target":["https:\/\/www.conect.org.tn\/ar\/%d8%a7%d9%84%d9%85%d9%82%d8%a7%d9%88%d9%84%d9%88%d9%86-%d8%af%d8%b9%d9%88%d8%a7%d8%aa-%d9%84%d8%aa%d9%82%d8%af%d9%8a%d9%85-%d8%a7%d9%84%d8%b7%d9%84%d8%a8%d8%a7%d8%aa-%d9%84%d8%aa%d9%86%d9%81%d9%8a\/"]}]},{"@type":"BreadcrumbList","@id":"https:\/\/www.conect.org.tn\/ar\/%d8%a7%d9%84%d9%85%d9%82%d8%a7%d9%88%d9%84%d9%88%d9%86-%d8%af%d8%b9%d9%88%d8%a7%d8%aa-%d9%84%d8%aa%d9%82%d8%af%d9%8a%d9%85-%d8%a7%d9%84%d8%b7%d9%84%d8%a8%d8%a7%d8%aa-%d9%84%d8%aa%d9%86%d9%81%d9%8a\/#breadcrumb","itemListElement":[{"@type":"ListItem","position":1,"name":"Accueil","item":"https:\/\/www.conect.org.tn\/ar\/"},{"@type":"ListItem","position":2,"name":"\u0627\u0644\u0645\u0642\u0627\u0648\u0644\u0648\u0646 | \u062f\u0639\u0648\u0627\u062a \u0644\u062a\u0642\u062f\u064a\u0645 \u0627\u0644\u0637\u0644\u0628\u0627\u062a \u0644\u062a\u0646\u0641\u064a\u0630 \u0628\u0631\u0646\u0627\u0645\u062c \u0627\u0644\u062d\u0636\u0627\u0646\u0629 22 \u0645\u0627\u0631\u0633 2023"}]},{"@type":"WebSite","@id":"https:\/\/www.conect.org.tn\/#website","url":"https:\/\/www.conect.org.tn\/","name":"CONECT Tunisie","description":"Conf\u00e9d\u00e9ration des Entreprises Citoyennes de Tunisie","potentialAction":[{"@type":"SearchAction","target":{"@type":"EntryPoint","urlTemplate":"https:\/\/www.conect.org.tn\/?s={search_term_string}"},"query-input":"required name=search_term_string"}],"inLanguage":"ar"},{"@type":"Person","@id":"https:\/\/www.conect.org.tn\/#\/schema\/person\/eb6a7c3ea8957f53e6884c7773f5b90d","name":"conect2022mtd","image":{"@type":"ImageObject","inLanguage":"ar","@id":"https:\/\/www.conect.org.tn\/#\/schema\/person\/image\/","url":"https:\/\/secure.gravatar.com\/avatar\/68928f39d46b3adb6a9e2273da041082?s=96&d=mm&r=g","contentUrl":"https:\/\/secure.gravatar.com\/avatar\/68928f39d46b3adb6a9e2273da041082?s=96&d=mm&r=g","caption":"conect2022mtd"},"sameAs":["https:\/\/www.conect.org.tn"],"url":"https:\/\/www.conect.org.tn\/ar\/author\/conect2022mtd\/"}]}},"acf":[],"_links":{"self":[{"href":"https:\/\/www.conect.org.tn\/ar\/wp-json\/wp\/v2\/posts\/13414"}],"collection":[{"href":"https:\/\/www.conect.org.tn\/ar\/wp-json\/wp\/v2\/posts"}],"about":[{"href":"https:\/\/www.conect.org.tn\/ar\/wp-json\/wp\/v2\/types\/post"}],"author":[{"embeddable":true,"href":"https:\/\/www.conect.org.tn\/ar\/wp-json\/wp\/v2\/users\/1"}],"replies":[{"embeddable":true,"href":"https:\/\/www.conect.org.tn\/ar\/wp-json\/wp\/v2\/comments?post=13414"}],"version-history":[{"count":1,"href":"https:\/\/www.conect.org.tn\/ar\/wp-json\/wp\/v2\/posts\/13414\/revisions"}],"predecessor-version":[{"id":13415,"href":"https:\/\/www.conect.org.tn\/ar\/wp-json\/wp\/v2\/posts\/13414\/revisions\/13415"}],"wp:featuredmedia":[{"embeddable":true,"href":"https:\/\/www.conect.org.tn\/ar\/wp-json\/wp\/v2\/media\/13174"}],"wp:attachment":[{"href":"https:\/\/www.conect.org.tn\/ar\/wp-json\/wp\/v2\/media?parent=13414"}],"wp:term":[{"taxonomy":"category","embeddable":true,"href":"https:\/\/www.conect.org.tn\/ar\/wp-json\/wp\/v2\/categories?post=13414"},{"taxonomy":"post_tag","embeddable":true,"href":"https:\/\/www.conect.org.tn\/ar\/wp-json\/wp\/v2\/tags?post=13414"}],"curies":[{"name":"wp","href":"https:\/\/api.w.org\/{rel}","templated":true}]}}